{"id":6372,"date":"2012-04-12T13:15:00","date_gmt":"2012-04-12T11:15:00","guid":{"rendered":"https:\/\/snac-fsu.fr\/wp\/?p=6372"},"modified":"2026-02-20T13:19:07","modified_gmt":"2026-02-20T12:19:07","slug":"syndicats-et-politique-2","status":"publish","type":"post","link":"https:\/\/snac-fsu.fr\/wp\/syndicats-et-politique-2\/","title":{"rendered":"Syndicats et politique"},"content":{"rendered":"\n<h5 class=\"wp-block-heading\"><strong>Message du 11 avril 2012 aux agents du MCC<\/strong><\/h5>\n\n\n\n<p>Chers coll\u00e8gues,<\/p>\n\n\n\n<p>Dans un mail envoy\u00e9 hier soir aux organisations syndicales, le secr\u00e9taire g\u00e9n\u00e9ral du minist\u00e8re nous met en garde quant au fait que \u00ab la distribution de documents ou l&rsquo;envoi de messages \u00e9lectroniques \u00e0 caract\u00e8re politique sont interdits \u00bb. Guillaume Boudy nous rappelle \u00e9galement les jurisprudences constantes qui indiquent que \u00ab les syndicats ont pour seul r\u00f4le la d\u00e9fense des int\u00e9r\u00eats professionnels communs \u00e0 leurs membres et que leur action ne saurait pr\u00e9senter un caract\u00e8re politique \u00bb.<\/p>\n\n\n\n<p>Fort bien, le probl\u00e8me est qu&rsquo;il est tr\u00e8s difficile de faire le partage entre une information qui concerne la d\u00e9fense des int\u00e9r\u00eats professionnels de nos adh\u00e9rents (et de tous les agents du minist\u00e8re par la m\u00eame occasion) et une information \u00e0 caract\u00e8re politique. Cela est d&rsquo;autant plus difficile que la politique, celle de la droite dure, de la droite d\u00e9complex\u00e9e, ne s&rsquo;est pas g\u00ean\u00e9e pour s&rsquo;inviter dans nos vies quotidiennes d&rsquo;agents du MCC. Comment d\u00e8s lors parler de la d\u00e9fense de nos missions, de nos emplois, de nos m\u00e9tiers, sans \u00e9voquer l&rsquo;action politique, le programme politique, de ceux qui ont conduit notre minist\u00e8re \u00e0 l&rsquo;\u00e9tat de d\u00e9ch\u00e9ance qu&rsquo;il conna\u00eet actuellement ?<\/p>\n\n\n\n<p>Rappeler que l&rsquo;actuel gouvernement a supprim\u00e9 150.000 emplois de fonctionnaires, fabricant du m\u00eame coup 150.000 ch\u00f4meurs, et rappeler qu&rsquo;entre 2008 et 2011 notre petit minist\u00e8re a perdu 509 emplois, est-ce de la propagande politique ou est-ce une information qui concerne directement nos mandants ?<\/p>\n\n\n\n<p>Est-ce faire de la politique que rappeler les d\u00e9g\u00e2ts dont ce gouvernement est responsable dans notre secteur, notamment \u00e0 travers la RGPP ? Doit-on, \u00e0 la veille de l&rsquo;\u00e9lection pr\u00e9sidentielle, \u00e9viter de rappeler que cette politique s&rsquo;est traduite par la r\u00e9duction catastrophique de 10 \u00e0 4 du nombre de nos directions centrales, un affaiblissement des directions r\u00e9gionales des affaires culturelles, la mise en place d&rsquo;une concurrence priv\u00e9e dans le domaine de l&rsquo;arch\u00e9ologie pr\u00e9ventive ? Doit-on occulter l&rsquo;autonomisation radicale des grands \u00e9tablissements publics dont les pr\u00e9sidents se sentent libres de s&rsquo;affranchir de la tutelle, profitant de la faiblesse du minist\u00e8re pour bricoler en interne des petits statuts particuliers qui excluent leurs personnels du statut g\u00e9n\u00e9ral de la fonction publique ?<\/p>\n\n\n\n<p>Est-ce faire de la politique que rappeler que ce gouvernement casse les solidarit\u00e9s avec la \u00ab Prime de fonctions et de r\u00e9sultats \u00bb, qu&rsquo;il garantit un parachute dor\u00e9 \u00e0 quelques hauts fonctionnaires via le \u00ab Grade de r\u00e9mun\u00e9ration \u00e0 acc\u00e8s fonctionnel \u00bb tandis qu&rsquo;il g\u00e8le le point d&rsquo;indice ?<\/p>\n\n\n\n<p>Est-ce qu&rsquo;un seul d&rsquo;entre nous peut pr\u00e9tendre s\u00e9rieusement qu&rsquo;au cours des cinq ans qui viennent de s&rsquo;\u00e9couler, ses conditions de travail se sont am\u00e9lior\u00e9es ? Entre les d\u00e9m\u00e9nagements impos\u00e9s, la \u00ab densification \u00bb des espaces, les r\u00e9formes \u00e0 jet continu, les projets de services aberrants, la mise en extinction sournoise de la fili\u00e8re \u00ab accueil &#8211; surveillance &#8211; magasinage \u00bb, la paup\u00e9risation de la cat\u00e9gorie C et le m\u00e9pris proclam\u00e9 au plus haut niveau pour nos missions, on peut dire que nous avons \u00e9t\u00e9 g\u00e2t\u00e9s.<\/p>\n\n\n\n<p>Et que dire des projets d\u00e9ments de la direction g\u00e9n\u00e9rale des patrimoines ? Peut-on oublier que le projet naus\u00e9eux de la Maison de l&rsquo;histoire de France a \u00e9t\u00e9 pilot\u00e9 directement par l&rsquo;Elys\u00e9e ? Est-ce faire de la politique que faire le constat de l&rsquo;indigence intellectuelle du MUCEM, ce projet de l&rsquo;Union pour la M\u00e9diterran\u00e9e qui vit sur les d\u00e9combres des ATP, qui fut longtemps le mus\u00e9e du peuple ?<\/p>\n\n\n\n<p>De ce quinquennat, plac\u00e9 sous le signe de la marchandisation de la culture, des \u00ab partenariats public-priv\u00e9 \u00bb et des externalisations, on ne retiendra, au titre de la politique culturelle, que la farce de la \u00ab culture pour chacun \u00bb, la culture du chacun pour soi.<\/p>\n\n\n\n<p>Le Code du travail, nous indique Guillaume Boudy, stipule que \u00ab les syndicats professionnels ont exclusivement pour objet l&rsquo;\u00e9tude et la d\u00e9fense des droits ainsi que des int\u00e9r\u00eats mat\u00e9riels et moraux, tant collectifs qu&rsquo;individuels, des personnes mentionn\u00e9es dans leurs statuts \u00bb. L&rsquo;article premier des statuts du SNAC-FSU d\u00e9clare qu&rsquo; \u00ab Un syndicat national est constitu\u00e9 entre les personnels des services culturels de l&rsquo;Etat, des collectivit\u00e9s territoriales, et les personnels permanents ou intermittents des m\u00e9tiers culturels artistiques et techniques relevant du droit priv\u00e9 \u00bb.<\/p>\n\n\n\n<p>Nous avons estim\u00e9 que \u00ab la d\u00e9fense des droits ainsi que des int\u00e9r\u00eats mat\u00e9riels et moraux \u00bb des personnels ainsi d\u00e9finis, en cette p\u00e9riode d&rsquo;\u00e9lection pr\u00e9sidentielle, nous commandait de nous adresser aux candidats de gauche et de porter \u00e0 leur connaissance certaines revendications (la droite ayant d\u00e9j\u00e0 amplement d\u00e9montr\u00e9 la nature de ses intentions \u00e0 notre \u00e9gard). Nous vous mettons en pi\u00e8ce jointe l&rsquo;adresse que nous leur avons envoy\u00e9e. Nous ne manquerons pas de vous transmettre leur r\u00e9ponse, s&rsquo;ils nous font une r\u00e9ponse, car il s&rsquo;agit bien l\u00e0 de la d\u00e9fense de nos int\u00e9r\u00eats professionnels.<\/p>\n\n\n\n<p>Nous sommes un syndicat, nous ne donnerons pas de consigne de vote ; mais nous n&rsquo;oublierons pas ce contre quoi nous avons lutt\u00e9 : nous n&rsquo;oublierons pas que ce gouvernement nous a vol\u00e9 la retraite \u00e0 60 ans, qu&rsquo;il a institu\u00e9 la journ\u00e9e de carence, qu&rsquo;il a tax\u00e9 les mutuelles, mesures r\u00e9trogrades que nous avons combattues syndicalement et qui concernent chacun d&rsquo;entre nous.<\/p>\n\n\n\n<p>Surtout, nous n&rsquo;oublierons pas que ce gouvernement s&rsquo;est donn\u00e9 pour programme politique l&rsquo;\u00e9radication syst\u00e9matique des acquis sociaux que le Conseil national de la r\u00e9sistance nous avait l\u00e9gu\u00e9s sous le titre \u00ab Les jours heureux \u00bb.<\/p>\n\n\n\n<a href=\"https:\/\/snac-fsu.fr\/wp\/syndicats-et-politique-2\/print\/\" title=\"Imprimer cet article\" rel=\"nofollow\"><img data-recalc-dims=\"1\" decoding=\"async\" class=\"WP-PrintIcon\" src=\"https:\/\/i0.wp.com\/snac-fsu.fr\/wp\/wp-content\/plugins\/wp-print\/images\/print.gif?w=1440&#038;ssl=1\" alt=\"Imprimer cet article\" title=\"Imprimer cet article\" style=\"border: 0px;\" \/><\/a>&nbsp;<a href=\"https:\/\/snac-fsu.fr\/wp\/syndicats-et-politique-2\/print\/\" title=\"Imprimer cet article\" rel=\"nofollow\">Imprimer cet article<\/a>\n","protected":false},"excerpt":{"rendered":"<p>Message du 11 avril 2012 aux agents du MCC Chers coll\u00e8gues, Dans un mail envoy\u00e9 hier soir aux organisations syndicales, le secr\u00e9taire g\u00e9n\u00e9ral du minist\u00e8re nous met en garde quant au fait que \u00ab la distribution de documents ou l&rsquo;envoi de messages \u00e9lectroniques \u00e0 caract\u00e8re politique sont interdits \u00bb. Guillaume<span class=\"more-link\"><a href=\"https:\/\/snac-fsu.fr\/wp\/syndicats-et-politique-2\/\">[&#8230;]<\/a><\/span><\/p>\n","protected":false},"author":3,"featured_media":0,"comment_status":"closed","ping_status":"closed","sticky":false,"template":"","format":"standard","meta":{"_jetpack_memberships_contains_paid_content":false,"footnotes":""},"categories":[220],"tags":[],"class_list":["entry","author-fred","post-6372","post","type-post","status-publish","format-standard","category-textes-de-combat"],"jetpack_featured_media_url":"","jetpack_sharing_enabled":true,"_links":{"self":[{"href":"https:\/\/snac-fsu.fr\/wp\/wp-json\/wp\/v2\/posts\/6372","targetHints":{"allow":["GET"]}}],"collection":[{"href":"https:\/\/snac-fsu.fr\/wp\/wp-json\/wp\/v2\/posts"}],"about":[{"href":"https:\/\/snac-fsu.fr\/wp\/wp-json\/wp\/v2\/types\/post"}],"author":[{"embeddable":true,"href":"https:\/\/snac-fsu.fr\/wp\/wp-json\/wp\/v2\/users\/3"}],"replies":[{"embeddable":true,"href":"https:\/\/snac-fsu.fr\/wp\/wp-json\/wp\/v2\/comments?post=6372"}],"version-history":[{"count":1,"href":"https:\/\/snac-fsu.fr\/wp\/wp-json\/wp\/v2\/posts\/6372\/revisions"}],"predecessor-version":[{"id":6373,"href":"https:\/\/snac-fsu.fr\/wp\/wp-json\/wp\/v2\/posts\/6372\/revisions\/6373"}],"wp:attachment":[{"href":"https:\/\/snac-fsu.fr\/wp\/wp-json\/wp\/v2\/media?parent=6372"}],"wp:term":[{"taxonomy":"category","embeddable":true,"href":"https:\/\/snac-fsu.fr\/wp\/wp-json\/wp\/v2\/categories?post=6372"},{"taxonomy":"post_tag","embeddable":true,"href":"https:\/\/snac-fsu.fr\/wp\/wp-json\/wp\/v2\/tags?post=6372"}],"curies":[{"name":"wp","href":"https:\/\/api.w.org\/{rel}","templated":true}]}}